{"id":7425,"date":"2026-04-25T10:19:00","date_gmt":"2026-04-25T08:19:00","guid":{"rendered":"https:\/\/rtds.jamu.cz\/?p=7425"},"modified":"2026-04-21T17:27:35","modified_gmt":"2026-04-21T15:27:35","slug":"na-pomezi-rozhlasovy-dokument-adely-ryvolove","status":"publish","type":"post","link":"https:\/\/rtds.jamu.cz\/?p=7425","title":{"rendered":"Na pomez\u00ed \/ Rozhlasov\u00fd dokument Ad\u00e9ly Ryvolov\u00e9"},"content":{"rendered":"\n<p>\u010cRo Brno pr\u00e1v\u011b uv\u00e1d\u00ed dokument studentky ateli\u00e9ru RTDS Ad\u00e9ly Ryvolov\u00e9 Na pomez\u00ed.<\/p>\n\n\n\n<blockquote class=\"wp-block-quote is-layout-flow wp-block-quote-is-layout-flow\">\n<p>Lubo\u0161 Tran stav\u00ed mosty. Ne z betonu, ale ze spole\u010dn\u011b str\u00e1ven\u00e9ho \u010dasu, slov a vzpom\u00ednek. Narodil se ve Vietnamu, ale od sv\u00fdch dvou let \u017eije v \u010cesk\u00e9 republice. A tak ka\u017ed\u00fd den stav\u00ed most mezi sebou a rodinou, mezi \u010ceskem a Vietnamem, aby tyto dva sv\u011bty propojil. I kdy\u017e s\u00e1m \u0159\u00edk\u00e1, \u017ee ten jeho most m\u00e1 malou d\u00edru uprost\u0159ed, p\u0159ej\u00edt se p\u0159es n\u011bj d\u00e1. Vydejte se po n\u011bm s n\u00e1mi v rozhlasov\u00e9m dokumentu zachycuj\u00edc\u00edm ka\u017edodenn\u00ed \u017eivot na pomez\u00ed dvou kultur.<\/p>\n\n\n\n<p>\u010cRo Brno<\/p>\n<\/blockquote>\n\n\n\n<p>Dokument o \u017eivot\u011b na pomez\u00ed dvou kultur poslouchejte zde:<\/p>\n\n\n\n<div class=\"wp-block-buttons is-layout-flex wp-block-buttons-is-layout-flex\">\n<div class=\"wp-block-button\"><a class=\"wp-block-button__link wp-element-button\" href=\"https:\/\/praha.rozhlas.cz\/lubos-stavi-mosty-mezi-sebou-a-rodinou-ceskem-a-vietnamem-poslechnete-si-9609932\">\u010cRO BRNO: Ad\u00e9la Ryvolov\u00e1 &#8211; Na pomez\u00ed<\/a><\/div>\n<\/div>\n\n\n\n<figure class=\"wp-block-gallery has-nested-images columns-default is-cropped wp-block-gallery-1 is-layout-flex wp-block-gallery-is-layout-flex\">\n<figure class=\"wp-block-image size-large\"><img loading=\"lazy\" decoding=\"async\" width=\"810\" height=\"1080\" data-id=\"7426\" src=\"https:\/\/rtds.jamu.cz\/wp-content\/uploads\/2026\/04\/672124188_1548507043944605_1623353534901729400_n-810x1080.jpg\" alt=\"\" class=\"wp-image-7426\" srcset=\"https:\/\/rtds.jamu.cz\/wp-content\/uploads\/2026\/04\/672124188_1548507043944605_1623353534901729400_n-810x1080.jpg 810w, https:\/\/rtds.jamu.cz\/wp-content\/uploads\/2026\/04\/672124188_1548507043944605_1623353534901729400_n-768x1024.jpg 768w, https:\/\/rtds.jamu.cz\/wp-content\/uploads\/2026\/04\/672124188_1548507043944605_1623353534901729400_n-1152x1536.jpg 1152w, https:\/\/rtds.jamu.cz\/wp-content\/uploads\/2026\/04\/672124188_1548507043944605_1623353534901729400_n.jpg 1536w\" sizes=\"auto, (max-width: 810px) 100vw, 810px\" \/><\/figure>\n\n\n\n<figure class=\"wp-block-image size-large\"><img loading=\"lazy\" decoding=\"async\" width=\"810\" height=\"1080\" data-id=\"7427\" src=\"https:\/\/rtds.jamu.cz\/wp-content\/uploads\/2026\/04\/672662424_1548507030611273_443452060613880150_n-810x1080.jpg\" alt=\"\" class=\"wp-image-7427\" srcset=\"https:\/\/rtds.jamu.cz\/wp-content\/uploads\/2026\/04\/672662424_1548507030611273_443452060613880150_n-810x1080.jpg 810w, https:\/\/rtds.jamu.cz\/wp-content\/uploads\/2026\/04\/672662424_1548507030611273_443452060613880150_n-768x1024.jpg 768w, https:\/\/rtds.jamu.cz\/wp-content\/uploads\/2026\/04\/672662424_1548507030611273_443452060613880150_n-1152x1536.jpg 1152w, https:\/\/rtds.jamu.cz\/wp-content\/uploads\/2026\/04\/672662424_1548507030611273_443452060613880150_n.jpg 1536w\" sizes=\"auto, (max-width: 810px) 100vw, 810px\" \/><\/figure>\n<\/figure>\n","protected":false},"excerpt":{"rendered":"<p>\u010cRo Brno pr\u00e1v\u011b uv\u00e1d\u00ed dokument studentky ateli\u00e9ru RTDS Ad\u00e9ly Ryvolov\u00e9 Na pomez\u00ed. Lubo\u0161 Tran stav\u00ed mosty. Ne z betonu, ale ze spole\u010dn\u011b str\u00e1ven\u00e9ho \u010dasu, slov a vzpom\u00ednek. Narodil se ve Vietnamu, ale od sv\u00fdch dvou let \u017eije v \u010cesk\u00e9 republice. A tak ka\u017ed\u00fd den stav\u00ed most mezi sebou a rodinou, mezi \u010ceskem a Vietnamem, aby [&hellip;]<\/p>\n","protected":false},"author":3,"featured_media":7428,"comment_status":"closed","ping_status":"closed","sticky":false,"template":"","format":"standard","meta":{"_acf_changed":false,"footnotes":""},"categories":[19,7],"tags":[],"class_list":["post-7425","post","type-post","status-publish","format-standard","has-post-thumbnail","hentry","category-audio","category-tvorba"],"acf":[],"_links":{"self":[{"href":"https:\/\/rtds.jamu.cz\/index.php?rest_route=\/wp\/v2\/posts\/7425","targetHints":{"allow":["GET"]}}],"collection":[{"href":"https:\/\/rtds.jamu.cz\/index.php?rest_route=\/wp\/v2\/posts"}],"about":[{"href":"https:\/\/rtds.jamu.cz\/index.php?rest_route=\/wp\/v2\/types\/post"}],"author":[{"embeddable":true,"href":"https:\/\/rtds.jamu.cz\/index.php?rest_route=\/wp\/v2\/users\/3"}],"replies":[{"embeddable":true,"href":"https:\/\/rtds.jamu.cz\/index.php?rest_route=%2Fwp%2Fv2%2Fcomments&post=7425"}],"version-history":[{"count":1,"href":"https:\/\/rtds.jamu.cz\/index.php?rest_route=\/wp\/v2\/posts\/7425\/revisions"}],"predecessor-version":[{"id":7429,"href":"https:\/\/rtds.jamu.cz\/index.php?rest_route=\/wp\/v2\/posts\/7425\/revisions\/7429"}],"wp:featuredmedia":[{"embeddable":true,"href":"https:\/\/rtds.jamu.cz\/index.php?rest_route=\/wp\/v2\/media\/7428"}],"wp:attachment":[{"href":"https:\/\/rtds.jamu.cz\/index.php?rest_route=%2Fwp%2Fv2%2Fmedia&parent=7425"}],"wp:term":[{"taxonomy":"category","embeddable":true,"href":"https:\/\/rtds.jamu.cz\/index.php?rest_route=%2Fwp%2Fv2%2Fcategories&post=7425"},{"taxonomy":"post_tag","embeddable":true,"href":"https:\/\/rtds.jamu.cz\/index.php?rest_route=%2Fwp%2Fv2%2Ftags&post=7425"}],"curies":[{"name":"wp","href":"https:\/\/api.w.org\/{rel}","templated":true}]}}